{"id":435,"date":"2015-12-20T09:18:06","date_gmt":"2015-12-20T08:18:06","guid":{"rendered":"http:\/\/www.progettoinclusivo.it\/progetto\/?p=435"},"modified":"2015-12-20T09:30:04","modified_gmt":"2015-12-20T08:30:04","slug":"le-citta-piu-accessibili-deuropa-per-il-2016","status":"publish","type":"post","link":"https:\/\/www.progettoinclusivo.it\/progetto\/2015\/12\/le-citta-piu-accessibili-deuropa-per-il-2016\/","title":{"rendered":"Le citt\u00e0 pi\u00f9 accessibili d\u2019Europa per il 2016"},"content":{"rendered":"<figure id=\"attachment_436\" aria-describedby=\"caption-attachment-436\" style=\"width: 352px\" class=\"wp-caption alignright\"><a href=\"http:\/\/www.progettoinclusivo.it\/progetto\/2015\/12\/le-citta-piu-accessibili-deuropa-per-il-2016\/ec_accessible_cities_award\/\" rel=\"attachment wp-att-436\"><img loading=\"lazy\" decoding=\"async\" class=\"wp-image-436 \" src=\"http:\/\/www.progettoinclusivo.it\/progetto\/wp-content\/uploads\/2015\/12\/ec_accessible_cities_award-300x208.jpg\" alt=\"Logo di Access City Award\" width=\"352\" height=\"244\" srcset=\"https:\/\/www.progettoinclusivo.it\/progetto\/wp-content\/uploads\/2015\/12\/ec_accessible_cities_award-300x208.jpg 300w, https:\/\/www.progettoinclusivo.it\/progetto\/wp-content\/uploads\/2015\/12\/ec_accessible_cities_award.jpg 373w\" sizes=\"auto, (max-width: 352px) 100vw, 352px\" \/><\/a><figcaption id=\"caption-attachment-436\" class=\"wp-caption-text\">logo di Access City Award<\/figcaption><\/figure>\n<p>Sappiamo ora quali sono le citt\u00e0 europee pi\u00f9 accessibili per il 2016, essendo stati diffusi gli esiti del concorso europeo <strong>Access City Award<\/strong> durante la celebrazione della <strong>Giornata Europea delle Persone con Disabilit\u00e0<\/strong>, che si \u00e8 svolta a Bruxelles l\u20198 dicembre. Istituito dalla Commissione Europea nel 2010, il premio ha l&#8217;intento di promuovere l\u2019accessibilit\u00e0 nelle citt\u00e0 europee per tutti e in particolare per le persone anziane o con disabilit\u00e0.<br \/>\nAccess City Award rientra negli obiettivi della <strong>Strategia Europea per la Disabilit\u00e0 2010-2012<\/strong>, adottata nel 2010 e fondata sulla <strong>Convenzione ONU sui Diritti delle Persone con Disabilit\u00e0<\/strong> (UNCRPD), un atto, quest\u2019ultimo, siglato dalla stessa Unione Europea.<br \/>\nIn <a title=\"vai alla scheda su Milano\" href=\"http:\/\/www.progettoinclusivo.it\/progetto\/2015\/12\/milano-in-finale-allaccess-city-award-il-premio-europeo-delle-citta-accessibili-cresce-lattesa-per-l8-dicembre\/\" target=\"_blank\">una precedente scheda<\/a> avevo evidenziato il fatto che Milano era arrivata in finale assieme ad altre 4 citt\u00e0 europee ma oggi il quadro \u00e8 pi\u00f9 delineato e posso dire che una citt\u00e0 italiana \u00e8 riuscita in ci\u00f2 che fino a qualche tempo fa sembrava un traguardo quasi irraggiungibile: arrivare in finale e ottenere il primo posto.<br \/>\nIn questo blog desidero evidenziare le motivazioni alla base di questo risultato, che vede <strong>Milano <\/strong>al primo posto, <strong>Wiesbaden<\/strong> (Germania) al secondo e <strong>Tolosa<\/strong> (Francia) al terzo. Mentre lascio ad un successivo approfondimento l\u2019analisi delle citt\u00e0 che hanno ricevuto le menzioni speciali.<\/p>\n<p><strong>Milano: primo posto, Access City Award 2016<br \/>\n<\/strong>Milano \u00e8 la vincitrice non solo per gli eccellenti e consistenti sforzi fatti per migliorare l\u2019accessibilit\u00e0 ma anche per i suoi ambiziosi piani per il futuro. Secondo fonti ufficiali \u201cMilano si \u00e8 anche impegnata in progetti per promuovere l\u2019occupazione di persone con disabilit\u00e0 e per sostenere la vita indipendente. I suoi standard edilizi sostengono non solo l\u2019accessibilit\u00e0 e l\u2019usabilit\u00e0 ma promuovono i criteri dell\u2019Universal Design\u201d.<br \/>\nNel 2014 Milano aveva approvato le linee guida per il Piano per l\u2019eliminazione delle barriere architettoniche (PEBA) per promuovere l\u2019accessibilit\u00e0 agli edifici e spazi pubblici e ai trasporti, l\u2019inclusione sociale e la qualit\u00e0 della vita. Mentre\u00a0tra il 2014 e il 2015 aveva istituito il Tavolo per la Disabilit\u00e0 permanente e la Task Force per l\u2019accessibilit\u00e0 a Expo 2015. Da segnalare anche la realizzazione del sito Expofacile.it che presto diventer\u00e0 Milanofacile.it. e che contiene notizie utili per i visitatori con disabilit\u00e0 ed esigenze speciali.<br \/>\nMa la citt\u00e0 ha anche impegnato ingenti risorse per interventi sull\u2019accessibilit\u00e0, per i trasporti accessibili, per ristrutturare le aree adiacenti alla stazione Centrale e, ci\u00f2 che pi\u00f9 conta, ha dato via ad un percorso che prevede nuovi traguardi di accessibilit\u00e0 con modalit\u00e0 partecipate e sostenibili.<br \/>\nPer ulteriori informazioni: <a href=\"http:\/\/www.comune.milano.it\/wps\/portal\/ist\/it\/news\/primopiano\/Tutte_notizie\/sindaco\/vinto_access_city_award_2016\"><strong>Comune di Milano<\/strong><\/a><\/p>\n<p><strong>Wiesbaden<\/strong>:<strong> secondo posto, Access City Award 2016<br \/>\n<\/strong>Wiesbaden ha fissato obiettivi importanti per dare ai suoi cittadini un accesso illimitato al centro urbano, agli spazi aperti, i parchi e le aree gioco. La citt\u00e0 \u00e8 dotata di un buon livello di accessibilit\u00e0 per non vedenti e ipovedenti in quanto dispone di una guida tattile pedonale, un modello tridimensionale del centro medievale e di mappe tattili negli edifici pubblici. Tra i suoi obiettivi vi \u00e8 quello di assicurare che tutti gli eventi che si tengono in luoghi pubblici siano fruibili da persone con disabilit\u00e0. Pi\u00f9 di 200 edifici pubblici sono pienamente accessibili e contrassegnati con una targa che riporta all\u2019ingresso lo slogan \u201cWir machen mit\u201d (unisciti a noi). E ancora, sono 200 i parcheggi riservati alle persone con disabilit\u00e0 in citt\u00e0, facilmente individuabili grazie all\u2019applicazione mobile Wiesbadenbarrierfrei, dotata di un sistema di navigazione GPS.<\/p>\n<p><strong>Tolosa:<\/strong> <strong>terzo posto, Access City Award 2016<br \/>\n<\/strong>Da fonti ufficiali si legge che \u201cTolosa ha vinto il terzo premio nella competizione per il suo lavoro nel rispondere ai bisogni della popolazione con soluzioni sostenibili e con un approccio partecipato e democratico\u201d. La citt\u00e0 ha infatti rivolto una forte attenzione al sistema dei trasporti pubblici che risultano accessibili al 100% (metro, tram e autobus), come anche al settore della cultura dove si fa uso di sistemi di audio descrizione e supporti informativi in braille o macro caratteri. Ma vi sono anche biblioteche multimediali attrezzate per persone con limitazioni visive e musei con itinerari studiati per visitatori con differenti abilit\u00e0. E la citt\u00e0 \u00e8 andata oltre gli stessi standard previsti dalla legge sulle pari opportunit\u00e0 del 2005 che richiede il 2% di parcheggi riservati, mentre a Tolosa la percentuale \u00e8 del 3%.<\/p>\n<p>&nbsp;<\/p>\n<p><strong><em>Ora non ci resta che analizzare, capire e possibilmente replicare queste buone prassi per una citt\u00e0 sempre pi\u00f9 accessibile e inclusiva.<\/em><\/strong><\/p>\n<p>&nbsp;<\/p>\n","protected":false},"excerpt":{"rendered":"<p>Sappiamo ora quali sono le citt\u00e0 europee pi\u00f9 accessibili per il 2016, essendo stati diffusi gli esiti del concorso europeo Access City Award durante la celebrazione della Giornata Europea delle Persone con Disabilit\u00e0, che si \u00e8 svolta a Bruxelles l\u20198 dicembre. Istituito dalla Commissione Europea nel 2010, il premio ha l&#8217;intento di promuovere l\u2019accessibilit\u00e0 nelle [&hellip;]<\/p>\n","protected":false},"author":2,"featured_media":436,"comment_status":"closed","ping_status":"open","sticky":false,"template":"","format":"standard","meta":{"footnotes":""},"categories":[5],"tags":[11,20],"class_list":["post-435","post","type-post","status-publish","format-standard","has-post-thumbnail","hentry","category-blog","tag-citta-accessibili","tag-europa"],"yoast_head":"<!-- This site is optimized with the Yoast SEO plugin v23.4 - https:\/\/yoast.com\/wordpress\/plugins\/seo\/ -->\n<title>Le citt\u00e0 pi\u00f9 accessibili d\u2019Europa per il 2016 - progettoinclusivo.it<\/title>\n<meta name=\"robots\" content=\"index, follow, max-snippet:-1, max-image-preview:large, max-video-preview:-1\" \/>\n<link rel=\"canonical\" href=\"https:\/\/www.progettoinclusivo.it\/progetto\/2015\/12\/le-citta-piu-accessibili-deuropa-per-il-2016\/\" \/>\n<meta property=\"og:locale\" content=\"it_IT\" \/>\n<meta property=\"og:type\" content=\"article\" \/>\n<meta property=\"og:title\" content=\"Le citt\u00e0 pi\u00f9 accessibili d\u2019Europa per il 2016 - progettoinclusivo.it\" \/>\n<meta property=\"og:description\" content=\"Sappiamo ora quali sono le citt\u00e0 europee pi\u00f9 accessibili per il 2016, essendo stati diffusi gli esiti del concorso europeo Access City Award durante la celebrazione della Giornata Europea delle Persone con Disabilit\u00e0, che si \u00e8 svolta a Bruxelles l\u20198 dicembre. Istituito dalla Commissione Europea nel 2010, il premio ha l&#8217;intento di promuovere l\u2019accessibilit\u00e0 nelle [&hellip;]\" \/>\n<meta property=\"og:url\" content=\"https:\/\/www.progettoinclusivo.it\/progetto\/2015\/12\/le-citta-piu-accessibili-deuropa-per-il-2016\/\" \/>\n<meta property=\"og:site_name\" content=\"progettoinclusivo.it\" \/>\n<meta property=\"article:published_time\" content=\"2015-12-20T08:18:06+00:00\" \/>\n<meta property=\"article:modified_time\" content=\"2015-12-20T08:30:04+00:00\" \/>\n<meta property=\"og:image\" content=\"https:\/\/www.progettoinclusivo.it\/progetto\/wp-content\/uploads\/2015\/12\/ec_accessible_cities_award.jpg\" \/>\n\t<meta property=\"og:image:width\" content=\"373\" \/>\n\t<meta property=\"og:image:height\" content=\"258\" \/>\n\t<meta property=\"og:image:type\" content=\"image\/jpeg\" \/>\n<meta name=\"author\" content=\"Daniela Orlandi\" \/>\n<meta name=\"twitter:card\" content=\"summary_large_image\" \/>\n<meta name=\"twitter:label1\" content=\"Scritto da\" \/>\n\t<meta name=\"twitter:data1\" content=\"Daniela Orlandi\" \/>\n\t<meta name=\"twitter:label2\" content=\"Tempo di lettura stimato\" \/>\n\t<meta name=\"twitter:data2\" content=\"4 minuti\" \/>\n<script type=\"application\/ld+json\" class=\"yoast-schema-graph\">{\"@context\":\"https:\/\/schema.org\",\"@graph\":[{\"@type\":\"Article\",\"@id\":\"https:\/\/www.progettoinclusivo.it\/progetto\/2015\/12\/le-citta-piu-accessibili-deuropa-per-il-2016\/#article\",\"isPartOf\":{\"@id\":\"https:\/\/www.progettoinclusivo.it\/progetto\/2015\/12\/le-citta-piu-accessibili-deuropa-per-il-2016\/\"},\"author\":{\"name\":\"Daniela Orlandi\",\"@id\":\"https:\/\/www.progettoinclusivo.it\/progetto\/#\/schema\/person\/8dce75910230e77e472c0fcbfe5b9e2f\"},\"headline\":\"Le citt\u00e0 pi\u00f9 accessibili d\u2019Europa per il 2016\",\"datePublished\":\"2015-12-20T08:18:06+00:00\",\"dateModified\":\"2015-12-20T08:30:04+00:00\",\"mainEntityOfPage\":{\"@id\":\"https:\/\/www.progettoinclusivo.it\/progetto\/2015\/12\/le-citta-piu-accessibili-deuropa-per-il-2016\/\"},\"wordCount\":728,\"publisher\":{\"@id\":\"https:\/\/www.progettoinclusivo.it\/progetto\/#organization\"},\"image\":{\"@id\":\"https:\/\/www.progettoinclusivo.it\/progetto\/2015\/12\/le-citta-piu-accessibili-deuropa-per-il-2016\/#primaryimage\"},\"thumbnailUrl\":\"https:\/\/www.progettoinclusivo.it\/progetto\/wp-content\/uploads\/2015\/12\/ec_accessible_cities_award.jpg\",\"keywords\":[\"citt\u00e0 accessibili\",\"Europa\"],\"articleSection\":[\"Blog\"],\"inLanguage\":\"it-IT\"},{\"@type\":\"WebPage\",\"@id\":\"https:\/\/www.progettoinclusivo.it\/progetto\/2015\/12\/le-citta-piu-accessibili-deuropa-per-il-2016\/\",\"url\":\"https:\/\/www.progettoinclusivo.it\/progetto\/2015\/12\/le-citta-piu-accessibili-deuropa-per-il-2016\/\",\"name\":\"Le citt\u00e0 pi\u00f9 accessibili d\u2019Europa per il 2016 - progettoinclusivo.it\",\"isPartOf\":{\"@id\":\"https:\/\/www.progettoinclusivo.it\/progetto\/#website\"},\"primaryImageOfPage\":{\"@id\":\"https:\/\/www.progettoinclusivo.it\/progetto\/2015\/12\/le-citta-piu-accessibili-deuropa-per-il-2016\/#primaryimage\"},\"image\":{\"@id\":\"https:\/\/www.progettoinclusivo.it\/progetto\/2015\/12\/le-citta-piu-accessibili-deuropa-per-il-2016\/#primaryimage\"},\"thumbnailUrl\":\"https:\/\/www.progettoinclusivo.it\/progetto\/wp-content\/uploads\/2015\/12\/ec_accessible_cities_award.jpg\",\"datePublished\":\"2015-12-20T08:18:06+00:00\",\"dateModified\":\"2015-12-20T08:30:04+00:00\",\"breadcrumb\":{\"@id\":\"https:\/\/www.progettoinclusivo.it\/progetto\/2015\/12\/le-citta-piu-accessibili-deuropa-per-il-2016\/#breadcrumb\"},\"inLanguage\":\"it-IT\",\"potentialAction\":[{\"@type\":\"ReadAction\",\"target\":[\"https:\/\/www.progettoinclusivo.it\/progetto\/2015\/12\/le-citta-piu-accessibili-deuropa-per-il-2016\/\"]}]},{\"@type\":\"ImageObject\",\"inLanguage\":\"it-IT\",\"@id\":\"https:\/\/www.progettoinclusivo.it\/progetto\/2015\/12\/le-citta-piu-accessibili-deuropa-per-il-2016\/#primaryimage\",\"url\":\"https:\/\/www.progettoinclusivo.it\/progetto\/wp-content\/uploads\/2015\/12\/ec_accessible_cities_award.jpg\",\"contentUrl\":\"https:\/\/www.progettoinclusivo.it\/progetto\/wp-content\/uploads\/2015\/12\/ec_accessible_cities_award.jpg\",\"width\":373,\"height\":258,\"caption\":\"logo di Access City Award\"},{\"@type\":\"BreadcrumbList\",\"@id\":\"https:\/\/www.progettoinclusivo.it\/progetto\/2015\/12\/le-citta-piu-accessibili-deuropa-per-il-2016\/#breadcrumb\",\"itemListElement\":[{\"@type\":\"ListItem\",\"position\":1,\"name\":\"Home\",\"item\":\"https:\/\/www.progettoinclusivo.it\/progetto\/\"},{\"@type\":\"ListItem\",\"position\":2,\"name\":\"Le citt\u00e0 pi\u00f9 accessibili d\u2019Europa per il 2016\"}]},{\"@type\":\"WebSite\",\"@id\":\"https:\/\/www.progettoinclusivo.it\/progetto\/#website\",\"url\":\"https:\/\/www.progettoinclusivo.it\/progetto\/\",\"name\":\"progettoinclusivo.it\",\"description\":\"Creato da Daniela Orlandi\",\"publisher\":{\"@id\":\"https:\/\/www.progettoinclusivo.it\/progetto\/#organization\"},\"potentialAction\":[{\"@type\":\"SearchAction\",\"target\":{\"@type\":\"EntryPoint\",\"urlTemplate\":\"https:\/\/www.progettoinclusivo.it\/progetto\/?s={search_term_string}\"},\"query-input\":{\"@type\":\"PropertyValueSpecification\",\"valueRequired\":true,\"valueName\":\"search_term_string\"}}],\"inLanguage\":\"it-IT\"},{\"@type\":\"Organization\",\"@id\":\"https:\/\/www.progettoinclusivo.it\/progetto\/#organization\",\"name\":\"progettoinclusivo.it\",\"url\":\"https:\/\/www.progettoinclusivo.it\/progetto\/\",\"logo\":{\"@type\":\"ImageObject\",\"inLanguage\":\"it-IT\",\"@id\":\"https:\/\/www.progettoinclusivo.it\/progetto\/#\/schema\/logo\/image\/\",\"url\":\"https:\/\/www.progettoinclusivo.it\/progetto\/wp-content\/uploads\/2024\/09\/LogoProgettoInclusivoDefinitivo.png\",\"contentUrl\":\"https:\/\/www.progettoinclusivo.it\/progetto\/wp-content\/uploads\/2024\/09\/LogoProgettoInclusivoDefinitivo.png\",\"width\":320,\"height\":320,\"caption\":\"progettoinclusivo.it\"},\"image\":{\"@id\":\"https:\/\/www.progettoinclusivo.it\/progetto\/#\/schema\/logo\/image\/\"}},{\"@type\":\"Person\",\"@id\":\"https:\/\/www.progettoinclusivo.it\/progetto\/#\/schema\/person\/8dce75910230e77e472c0fcbfe5b9e2f\",\"name\":\"Daniela Orlandi\",\"image\":{\"@type\":\"ImageObject\",\"inLanguage\":\"it-IT\",\"@id\":\"https:\/\/www.progettoinclusivo.it\/progetto\/#\/schema\/person\/image\/\",\"url\":\"https:\/\/secure.gravatar.com\/avatar\/782916874947b6f8af603f9ca5461866?s=96&d=mm&r=g\",\"contentUrl\":\"https:\/\/secure.gravatar.com\/avatar\/782916874947b6f8af603f9ca5461866?s=96&d=mm&r=g\",\"caption\":\"Daniela Orlandi\"},\"url\":\"https:\/\/www.progettoinclusivo.it\/progetto\/author\/daniela-orlandi\/\"}]}<\/script>\n<!-- \/ Yoast SEO plugin. -->","yoast_head_json":{"title":"Le citt\u00e0 pi\u00f9 accessibili d\u2019Europa per il 2016 - progettoinclusivo.it","robots":{"index":"index","follow":"follow","max-snippet":"max-snippet:-1","max-image-preview":"max-image-preview:large","max-video-preview":"max-video-preview:-1"},"canonical":"https:\/\/www.progettoinclusivo.it\/progetto\/2015\/12\/le-citta-piu-accessibili-deuropa-per-il-2016\/","og_locale":"it_IT","og_type":"article","og_title":"Le citt\u00e0 pi\u00f9 accessibili d\u2019Europa per il 2016 - progettoinclusivo.it","og_description":"Sappiamo ora quali sono le citt\u00e0 europee pi\u00f9 accessibili per il 2016, essendo stati diffusi gli esiti del concorso europeo Access City Award durante la celebrazione della Giornata Europea delle Persone con Disabilit\u00e0, che si \u00e8 svolta a Bruxelles l\u20198 dicembre. Istituito dalla Commissione Europea nel 2010, il premio ha l&#8217;intento di promuovere l\u2019accessibilit\u00e0 nelle [&hellip;]","og_url":"https:\/\/www.progettoinclusivo.it\/progetto\/2015\/12\/le-citta-piu-accessibili-deuropa-per-il-2016\/","og_site_name":"progettoinclusivo.it","article_published_time":"2015-12-20T08:18:06+00:00","article_modified_time":"2015-12-20T08:30:04+00:00","og_image":[{"width":373,"height":258,"url":"https:\/\/www.progettoinclusivo.it\/progetto\/wp-content\/uploads\/2015\/12\/ec_accessible_cities_award.jpg","type":"image\/jpeg"}],"author":"Daniela Orlandi","twitter_card":"summary_large_image","twitter_misc":{"Scritto da":"Daniela Orlandi","Tempo di lettura stimato":"4 minuti"},"schema":{"@context":"https:\/\/schema.org","@graph":[{"@type":"Article","@id":"https:\/\/www.progettoinclusivo.it\/progetto\/2015\/12\/le-citta-piu-accessibili-deuropa-per-il-2016\/#article","isPartOf":{"@id":"https:\/\/www.progettoinclusivo.it\/progetto\/2015\/12\/le-citta-piu-accessibili-deuropa-per-il-2016\/"},"author":{"name":"Daniela Orlandi","@id":"https:\/\/www.progettoinclusivo.it\/progetto\/#\/schema\/person\/8dce75910230e77e472c0fcbfe5b9e2f"},"headline":"Le citt\u00e0 pi\u00f9 accessibili d\u2019Europa per il 2016","datePublished":"2015-12-20T08:18:06+00:00","dateModified":"2015-12-20T08:30:04+00:00","mainEntityOfPage":{"@id":"https:\/\/www.progettoinclusivo.it\/progetto\/2015\/12\/le-citta-piu-accessibili-deuropa-per-il-2016\/"},"wordCount":728,"publisher":{"@id":"https:\/\/www.progettoinclusivo.it\/progetto\/#organization"},"image":{"@id":"https:\/\/www.progettoinclusivo.it\/progetto\/2015\/12\/le-citta-piu-accessibili-deuropa-per-il-2016\/#primaryimage"},"thumbnailUrl":"https:\/\/www.progettoinclusivo.it\/progetto\/wp-content\/uploads\/2015\/12\/ec_accessible_cities_award.jpg","keywords":["citt\u00e0 accessibili","Europa"],"articleSection":["Blog"],"inLanguage":"it-IT"},{"@type":"WebPage","@id":"https:\/\/www.progettoinclusivo.it\/progetto\/2015\/12\/le-citta-piu-accessibili-deuropa-per-il-2016\/","url":"https:\/\/www.progettoinclusivo.it\/progetto\/2015\/12\/le-citta-piu-accessibili-deuropa-per-il-2016\/","name":"Le citt\u00e0 pi\u00f9 accessibili d\u2019Europa per il 2016 - progettoinclusivo.it","isPartOf":{"@id":"https:\/\/www.progettoinclusivo.it\/progetto\/#website"},"primaryImageOfPage":{"@id":"https:\/\/www.progettoinclusivo.it\/progetto\/2015\/12\/le-citta-piu-accessibili-deuropa-per-il-2016\/#primaryimage"},"image":{"@id":"https:\/\/www.progettoinclusivo.it\/progetto\/2015\/12\/le-citta-piu-accessibili-deuropa-per-il-2016\/#primaryimage"},"thumbnailUrl":"https:\/\/www.progettoinclusivo.it\/progetto\/wp-content\/uploads\/2015\/12\/ec_accessible_cities_award.jpg","datePublished":"2015-12-20T08:18:06+00:00","dateModified":"2015-12-20T08:30:04+00:00","breadcrumb":{"@id":"https:\/\/www.progettoinclusivo.it\/progetto\/2015\/12\/le-citta-piu-accessibili-deuropa-per-il-2016\/#breadcrumb"},"inLanguage":"it-IT","potentialAction":[{"@type":"ReadAction","target":["https:\/\/www.progettoinclusivo.it\/progetto\/2015\/12\/le-citta-piu-accessibili-deuropa-per-il-2016\/"]}]},{"@type":"ImageObject","inLanguage":"it-IT","@id":"https:\/\/www.progettoinclusivo.it\/progetto\/2015\/12\/le-citta-piu-accessibili-deuropa-per-il-2016\/#primaryimage","url":"https:\/\/www.progettoinclusivo.it\/progetto\/wp-content\/uploads\/2015\/12\/ec_accessible_cities_award.jpg","contentUrl":"https:\/\/www.progettoinclusivo.it\/progetto\/wp-content\/uploads\/2015\/12\/ec_accessible_cities_award.jpg","width":373,"height":258,"caption":"logo di Access City Award"},{"@type":"BreadcrumbList","@id":"https:\/\/www.progettoinclusivo.it\/progetto\/2015\/12\/le-citta-piu-accessibili-deuropa-per-il-2016\/#breadcrumb","itemListElement":[{"@type":"ListItem","position":1,"name":"Home","item":"https:\/\/www.progettoinclusivo.it\/progetto\/"},{"@type":"ListItem","position":2,"name":"Le citt\u00e0 pi\u00f9 accessibili d\u2019Europa per il 2016"}]},{"@type":"WebSite","@id":"https:\/\/www.progettoinclusivo.it\/progetto\/#website","url":"https:\/\/www.progettoinclusivo.it\/progetto\/","name":"progettoinclusivo.it","description":"Creato da Daniela Orlandi","publisher":{"@id":"https:\/\/www.progettoinclusivo.it\/progetto\/#organization"},"potentialAction":[{"@type":"SearchAction","target":{"@type":"EntryPoint","urlTemplate":"https:\/\/www.progettoinclusivo.it\/progetto\/?s={search_term_string}"},"query-input":{"@type":"PropertyValueSpecification","valueRequired":true,"valueName":"search_term_string"}}],"inLanguage":"it-IT"},{"@type":"Organization","@id":"https:\/\/www.progettoinclusivo.it\/progetto\/#organization","name":"progettoinclusivo.it","url":"https:\/\/www.progettoinclusivo.it\/progetto\/","logo":{"@type":"ImageObject","inLanguage":"it-IT","@id":"https:\/\/www.progettoinclusivo.it\/progetto\/#\/schema\/logo\/image\/","url":"https:\/\/www.progettoinclusivo.it\/progetto\/wp-content\/uploads\/2024\/09\/LogoProgettoInclusivoDefinitivo.png","contentUrl":"https:\/\/www.progettoinclusivo.it\/progetto\/wp-content\/uploads\/2024\/09\/LogoProgettoInclusivoDefinitivo.png","width":320,"height":320,"caption":"progettoinclusivo.it"},"image":{"@id":"https:\/\/www.progettoinclusivo.it\/progetto\/#\/schema\/logo\/image\/"}},{"@type":"Person","@id":"https:\/\/www.progettoinclusivo.it\/progetto\/#\/schema\/person\/8dce75910230e77e472c0fcbfe5b9e2f","name":"Daniela Orlandi","image":{"@type":"ImageObject","inLanguage":"it-IT","@id":"https:\/\/www.progettoinclusivo.it\/progetto\/#\/schema\/person\/image\/","url":"https:\/\/secure.gravatar.com\/avatar\/782916874947b6f8af603f9ca5461866?s=96&d=mm&r=g","contentUrl":"https:\/\/secure.gravatar.com\/avatar\/782916874947b6f8af603f9ca5461866?s=96&d=mm&r=g","caption":"Daniela Orlandi"},"url":"https:\/\/www.progettoinclusivo.it\/progetto\/author\/daniela-orlandi\/"}]}},"_links":{"self":[{"href":"https:\/\/www.progettoinclusivo.it\/progetto\/wp-json\/wp\/v2\/posts\/435","targetHints":{"allow":["GET"]}}],"collection":[{"href":"https:\/\/www.progettoinclusivo.it\/progetto\/wp-json\/wp\/v2\/posts"}],"about":[{"href":"https:\/\/www.progettoinclusivo.it\/progetto\/wp-json\/wp\/v2\/types\/post"}],"author":[{"embeddable":true,"href":"https:\/\/www.progettoinclusivo.it\/progetto\/wp-json\/wp\/v2\/users\/2"}],"replies":[{"embeddable":true,"href":"https:\/\/www.progettoinclusivo.it\/progetto\/wp-json\/wp\/v2\/comments?post=435"}],"version-history":[{"count":5,"href":"https:\/\/www.progettoinclusivo.it\/progetto\/wp-json\/wp\/v2\/posts\/435\/revisions"}],"predecessor-version":[{"id":446,"href":"https:\/\/www.progettoinclusivo.it\/progetto\/wp-json\/wp\/v2\/posts\/435\/revisions\/446"}],"wp:featuredmedia":[{"embeddable":true,"href":"https:\/\/www.progettoinclusivo.it\/progetto\/wp-json\/wp\/v2\/media\/436"}],"wp:attachment":[{"href":"https:\/\/www.progettoinclusivo.it\/progetto\/wp-json\/wp\/v2\/media?parent=435"}],"wp:term":[{"taxonomy":"category","embeddable":true,"href":"https:\/\/www.progettoinclusivo.it\/progetto\/wp-json\/wp\/v2\/categories?post=435"},{"taxonomy":"post_tag","embeddable":true,"href":"https:\/\/www.progettoinclusivo.it\/progetto\/wp-json\/wp\/v2\/tags?post=435"}],"curies":[{"name":"wp","href":"https:\/\/api.w.org\/{rel}","templated":true}]}}